{"id":317,"__str__":"INDICA\u00c7\u00c3O n\u00ba 68 de 2025","link_detail_backend":"/materia/317","metadata":{"signs":{"texto_original":{"admin":[],"autores":[["Fabio Borges da Silva",["2025-05-26T09:46:02-03:00","ICP-Brasil - Certificado PF A1"]],["Rinaldo Ferreira da Silva",["2025-05-26T09:46:14-03:00","ICP-Brasil - Certificado PF A1"]]]}}},"numero":68,"ano":2025,"numero_protocolo":null,"data_apresentacao":"2025-05-26","tipo_apresentacao":"E","data_publicacao":null,"numero_origem_externa":"","ano_origem_externa":null,"data_origem_externa":null,"apelido":"","dias_prazo":null,"data_fim_prazo":null,"em_tramitacao":false,"polemica":false,"objeto":"","complementar":false,"ementa":"INSTALA\u00c7\u00c3O DE ILUMINA\u00c7\u00c3O P\u00daBLICA NO BAIRRO DO LARANJAL, MAIS ESPECIFICAMENTE PR\u00d3XIMO \u00c0 RESID\u00caNCIA DO SENHOR VALDECIR, LOCAL CONHECIDO COMO \"VALE DAS CH\u00c1CARAS\", NO SENTIDO CHAPAD\u00c3O.","indexacao":"","observacao":"","resultado":"","texto_original":"http://sapl.campinadomontealegre.sp.leg.br/media/sapl/public/materialegislativa/2025/317/indicacao_68-2025.pdf","data_ultima_atualizacao":"2025-05-26T11:38:37.393074-03:00","ip":"38.196.250.50","ultima_edicao":"2025-05-26T11:37:51.114002-03:00","tipo":1,"regime_tramitacao":1,"tipo_origem_externa":null,"local_origem_externa":null,"user":19,"anexadas":[],"autores":[20]}